{"id":9578,"date":"2026-09-01T13:01:09","date_gmt":"2026-09-01T11:01:09","guid":{"rendered":"https:\/\/repair.eu\/?p=9578"},"modified":"2026-09-01T13:38:22","modified_gmt":"2026-09-01T11:38:22","slug":"el-dret-a-reparar-a-lestat-espanyol-victories-derrotes-retards-i-reptes-pendents","status":"publish","type":"post","link":"https:\/\/repair.eu\/ca\/news\/el-dret-a-reparar-a-lestat-espanyol-victories-derrotes-retards-i-reptes-pendents\/","title":{"rendered":"El dret a reparar a L\u2019Estat espanyol: vict\u00f2ries, derrotes, retards i reptes pendents"},"content":{"rendered":"\n<p class=\"wp-block-paragraph\"><em>Per Claudia Bosch, coordinadora de la Campanya Electr\u00f2nica Justa de SETEM Catalunya i membre de Right to Repair Europe.<\/em><\/p>\n\n\n\n<p class=\"wp-block-paragraph\"><strong><strong>L\u2019Estat espanyol est\u00e0 treballant en la transposici\u00f3 de la Directiva europea sobre el dret a reparar, a trav\u00e9s de la<\/strong> <em><strong>Ley de Consumo Sostenible<\/strong><\/em> <strong>(Llei de Consum Sostenible), liderada pel<\/strong> <em><strong>Ministerio de Derechos Sociales, Consumo y Agenda 2030<\/strong><\/em><strong>. L\u2019esborrany de la futura Llei incorpora algunes mesures per facilitar la reparaci\u00f3 de productes, combatre l\u2019obsolesc\u00e8ncia programada, millorar la informaci\u00f3 que reben les persones consumidores i introduir incentius per reparar en lloc de substituir. Tot i que el text suposa un aven\u00e7 i recull algunes propostes plantejades per la societat civil, algunes q\u00fcestions clau, com ara una definici\u00f3 m\u00e9s clara dels \u201cpreus raonables de reparaci\u00f3\u201d o l\u2019aplicaci\u00f3 d\u2019incentius fiscals, entre d\u2019altres, continuen sense tenir-se en compte.<\/strong><\/strong><\/p>\n\n\n\n<p class=\"wp-block-paragraph\">La Directiva sobre normes comunes per fomentar la reparaci\u00f3 de b\u00e9ns (Directiva (UE) 2024\/1799 \u2014coneguda habitualment com la\u00a0<strong><a href=\"https:\/\/repair.eu\/news\/the-right-to-repair-directive\/\">Directiva sobre el dret a reparar<\/a><\/strong>\u2014, aprovada l\u2019any 2024, exigeix als Estats membres que tinguin preparada la seva\u00a0<strong>transposici\u00f3<\/strong>\u00a0abans del 31 de juliol de 2026.<\/p>\n\n\n\n<p class=\"wp-block-paragraph\">A l\u2019Estat espanyol, aquesta transposici\u00f3 est\u00e0 liderada pel <em>Ministerio de Derechos Sociales, Consumo y Agenda 2030<\/em> (Ministeri de Drets Socials, Consum i Agenda 2030), i s\u2019ha agrupat amb la transposici\u00f3 de la&nbsp;<strong><a href=\"https:\/\/repair.eu\/news\/new-directive-to-empower-consumers-what-does-it-mean-for-repair\/\" target=\"_blank\" rel=\"noopener\"><u>Directiva sobre l\u2019empoderament de les persones consumidores per a la transici\u00f3 ecol\u00f2gica<\/u><\/a><\/strong> <a href=\"https:\/\/repair.eu\/news\/new-directive-to-empower-consumers-what-does-it-mean-for-repair\/\" target=\"_blank\" rel=\"noopener\"><u>(Directiva (UE) 2024\/82)<\/u><\/a>. Aquesta combinaci\u00f3 donar\u00e0 lloc a la futura&nbsp;<em><strong>Ley de Consumo Sostenible (<\/strong><\/em><strong>Llei de Consum Sostenible)<\/strong>, que actualment \u00e9s encara un avantprojecte de llei i&nbsp;<strong>no complir\u00e0 el termini de transposici\u00f3 del 31 de juliol de 2026.<\/strong><\/p>\n\n\n\n<p class=\"wp-block-paragraph\">Diverses organitzacions locals, algunes de les quals formen part de la coalici\u00f3 Right to Repair Europe, hem seguit molt de prop aquesta transposici\u00f3 amb l\u2019objectiu de defensar la integraci\u00f3 de mecanismes efica\u00e7os que promoguin el dret a reparar i aprofitin al m\u00e0xim les oportunitats que ofereix la Directiva per legislar a favor d\u2019un millor acc\u00e9s als criteris de reparabilitat, les peces de recanvi, la informaci\u00f3 sobre reparacions i els serveis de reparaci\u00f3, perqu\u00e8 reparar sigui una opci\u00f3 m\u00e9s assequible. Des de 2023 hem mantingut diverses reunions amb el Ministeri, hem dut a terme una campanya amb motiu del Dia Internacional de la Reparaci\u00f3 per impulsar aquestes reivindicacions, hem participat en la consulta p\u00fablica oberta sobre la llei durant l\u2019estiu de 2025 i vam celebrar una reuni\u00f3 final el passat mes de febrer de 2026.<\/p>\n\n\n\n<figure class=\"wp-block-image size-large\"><a href=\"https:\/\/repair.eu\/wp-content\/uploads\/2026\/09\/WhatsApp-Image-2023-10-23-at-10.49.16-scaled-1-1024x768.jpeg\"><img loading=\"lazy\" decoding=\"async\" width=\"1024\" height=\"768\" src=\"https:\/\/repair.eu\/wp-content\/uploads\/2026\/09\/WhatsApp-Image-2023-10-23-at-10.49.16-scaled-1-1024x768.jpeg\" alt=\"\" class=\"wp-image-9658\" srcset=\"https:\/\/repair.eu\/wp-content\/uploads\/2026\/09\/WhatsApp-Image-2023-10-23-at-10.49.16-scaled-1-1024x768.jpeg 1024w, https:\/\/repair.eu\/wp-content\/uploads\/2026\/09\/WhatsApp-Image-2023-10-23-at-10.49.16-scaled-1-300x225.jpeg 300w, https:\/\/repair.eu\/wp-content\/uploads\/2026\/09\/WhatsApp-Image-2023-10-23-at-10.49.16-scaled-1-768x576.jpeg 768w, https:\/\/repair.eu\/wp-content\/uploads\/2026\/09\/WhatsApp-Image-2023-10-23-at-10.49.16-scaled-1-1536x1152.jpeg 1536w, https:\/\/repair.eu\/wp-content\/uploads\/2026\/09\/WhatsApp-Image-2023-10-23-at-10.49.16-scaled-1-2048x1536.jpeg 2048w, https:\/\/repair.eu\/wp-content\/uploads\/2026\/09\/WhatsApp-Image-2023-10-23-at-10.49.16-scaled-1-1300x975.jpeg 1300w, https:\/\/repair.eu\/wp-content\/uploads\/2026\/09\/WhatsApp-Image-2023-10-23-at-10.49.16-scaled-1-1568x1176.jpeg 1568w\" sizes=\"auto, (max-width: 1024px) 100vw, 1024px\" \/><\/a><\/figure>\n\n\n\n<p class=\"wp-block-paragraph\"><em>Reparadores durant el Dia Internacional de la Reparaci\u00f3 a Barcelona, l\u2019any 2023.<\/em><\/p>\n\n\n\n<p class=\"wp-block-paragraph\"><strong><strong>ASPECTES POSITIUS I NEGATIUS DE L\u2019\u00daLTIM ESBORRANY DE LA LLEI SOBRE EL DRET A REPARAR<\/strong><\/strong><\/p>\n\n\n\n<p class=\"wp-block-paragraph\">El Ministeri s\u2019ha mostrat, en general, receptiu a les demandes de la societat civil, tot i que algunes han topat amb les limitacions imposades per altres ministeris i amb el temor de presentar un esborrany massa ambici\u00f3s que pogu\u00e9s posar en risc la seva aprovaci\u00f3 per part de les forces m\u00e9s conservadores del Congr\u00e9s.<\/p>\n\n\n\n<p class=\"wp-block-paragraph\">Fem aqu\u00ed un resum dels aspectes m\u00e9s destacats:<\/p>\n\n\n\n<p class=\"wp-block-paragraph\"><strong><strong>Pr\u00e0ctiques deslleials i enganyoses<\/strong><\/strong>:<\/p>\n\n\n\n<p class=\"wp-block-paragraph\">Els aspectes que cal tenir en compte per considerar una pr\u00e0ctica deslleial per enganyosa incorporaran tamb\u00e9, a partir d\u2019ara, les caracter\u00edstiques ambientals dels b\u00e9ns i serveis i, en concret, la seva circularitat, durabilitat, reparabilitat i reciclabilitat.<\/p>\n\n\n\n<p class=\"wp-block-paragraph\">A m\u00e9s, s\u2019hi afegeixen noves pr\u00e0ctiques expressament prohibides, associades a l\u2019obsolesc\u00e8ncia programada prematura dels b\u00e9ns (I).<\/p>\n\n\n\n<p class=\"wp-block-paragraph\"><strong>M\u00e9s informaci\u00f3 i m\u00e9s claredat per a les persones usu\u00e0ries i consumidores:<\/strong><\/p>\n\n\n\n<ul class=\"wp-block-list\">\n<li><strong>Sobre la garantia:<\/strong>&nbsp;L\u2019esborrany preveu aclarir la informaci\u00f3 sobre la garantia legal de conformitat i la garantia comercial de durabilitat per evitar confusions entre les persones consumidores i usu\u00e0ries, mitjan\u00e7ant una etiqueta harmonitzada a escala de la Uni\u00f3 Europea de la garantia comercial i un av\u00eds harmonitzat sobre la garantia legal de conformitat.<\/li>\n\n\n\n<li><strong>Informaci\u00f3 requerida als serveis de comparaci\u00f3 de b\u00e9ns i serveis:<\/strong>&nbsp;Aquest tipus de serveis hauran de facilitar informaci\u00f3 sobre el m\u00e8tode de comparaci\u00f3, els b\u00e9ns i serveis objecte de la comparaci\u00f3 i els prove\u00efdors d\u2019aquests b\u00e9ns i serveis, aix\u00ed com les mesures adoptades per mantenir aquesta informaci\u00f3 actualitzada. Aix\u00f2 inclou tamb\u00e9 comparacions sobre aspectes de circularitat, com ara la durabilitat, la reparabilitat o la reciclabilitat. Amb aquesta mesura es protegeix la ciutadania i s\u2019evita que aquestes comparacions siguin confuses o enganyoses.<\/li>\n<\/ul>\n\n\n\n<p class=\"wp-block-paragraph\"><strong>Formulari europeu d\u2019informaci\u00f3 sobre la reparaci\u00f3<\/strong><\/p>\n\n\n\n<p class=\"wp-block-paragraph\">Els reparadors i les reparadores podran utilitzar, de manera volunt\u00e0ria, el formulari europeu gratu\u00eft d\u2019informaci\u00f3 sobre la reparaci\u00f3. Aquest formulari recollir\u00e0 la informaci\u00f3 seg\u00fcent:<\/p>\n\n\n\n<ol start=\"1\" class=\"wp-block-list\">\n<li>Les caracter\u00edstiques principals del servei de reparaci\u00f3.<\/li>\n\n\n\n<li>La identitat del reparador o reparadora i les dades de contacte.<\/li>\n\n\n\n<li>El preu de la reparaci\u00f3.<\/li>\n\n\n\n<li>La modalitat de prestaci\u00f3 del servei de reparaci\u00f3 i el termini de prestaci\u00f3 del servei.<\/li>\n<\/ol>\n\n\n\n<p class=\"wp-block-paragraph\">Aix\u00f2 permetr\u00e0 a les persones consumidores valorar i comparar els diferents serveis de reparaci\u00f3. La mesura pret\u00e9n refor\u00e7ar la confian\u00e7a en aquests serveis, aportant m\u00e9s informaci\u00f3 abans de dur a terme la reparaci\u00f3.<\/p>\n\n\n\n<p class=\"wp-block-paragraph\"><strong><strong>Reparar abans que substituir<\/strong><\/strong><\/p>\n\n\n\n<p class=\"wp-block-paragraph\">Tal com estableix la Directiva, els fabricants estaran obligats a oferir als consumidors l\u2019opci\u00f3 de reparar els productes de manera gratu\u00efta o a un \u00abpreu raonable\u00bb, en el marc del dret a la reparaci\u00f3 durant el per\u00edode de garantia legal. Si el consumidor opta per la reparaci\u00f3, la garantia s\u2019ampliar\u00e0 dotze mesos, oferint aix\u00ed un incentiu per escollir la reparaci\u00f3 en lloc de la substituci\u00f3. El projecte de llei no ha incl\u00f2s una definici\u00f3 m\u00e9s clara del que constitueix un \u00abpreu raonable\u00bb, ni tampoc del que constitueix un&nbsp;<strong>\u00abpreu raonable\u00bb per a les peces de recanvi<\/strong>, malgrat les nostres demandes.<\/p>\n\n\n\n<p class=\"wp-block-paragraph\">Una novetat que s\u00ed que inclou el projecte de llei \u00e9s que&nbsp;<strong>es podran oferir productes reacondicionats com a productes de substituci\u00f3 mentre s\u2019estigui duent a terme una reparaci\u00f3 durant el per\u00edode de garantia legal, i tamb\u00e9 quan el consumidor opti per la substituci\u00f3 en lloc de la reparaci\u00f3.<\/strong><\/p>\n\n\n\n<p class=\"wp-block-paragraph\"><strong>L\u2019esborrany incorpora tamb\u00e9 una de les principals reivindicacions de les entitats: un bonus a la reparaci\u00f3, similar al que ja funciona a Fran\u00e7a.<\/strong>&nbsp;El cost econ\u00f2mic de les reparacions \u00e9s una de les principals barreres a l\u2019hora de reparar. Aquest bo permetr\u00e0 incentivar la reparaci\u00f3, ja que reduir\u00e0 el cost del servei per a la ciutadania.<\/p>\n\n\n\n<p class=\"wp-block-paragraph\"><strong>Seran els mateixos productors<\/strong>&nbsp;i, si escau, els seus representants autoritzats, importadors o comercialitzadors, individualment o de manera associada, a trav\u00e9s dels sistemes de responsabilitat ampliada del productor (RAP),&nbsp;<strong>els qui aportaran aquest finan\u00e7ament.<\/strong>&nbsp;El bo nom\u00e9s es podr\u00e0 utilitzar per reparar els productes coberts per la Directiva sobre el Dret a Reparar.<\/p>\n\n\n\n<p class=\"wp-block-paragraph\">Tot i que les entitats han demanat&nbsp;<strong>que el bo cobreixi el mateix percentatge del cost de la reparaci\u00f3 independentment de l\u2019antiguitat del producte, aquesta proposta no s\u2019ha incorporat.<\/strong>&nbsp;Aix\u00ed doncs, l\u2019esborrany estableix el seg\u00fcent&nbsp;<strong>esquema de finan\u00e7ament<\/strong>:<\/p>\n\n\n\n<p class=\"wp-block-paragraph\">a) Durant els dos anys posteriors al venciment del termini de la garantia legal de conformitat o de la garantia comercial corresponent, la contribuci\u00f3 al finan\u00e7ament dels costos de reparaci\u00f3 ser\u00e0 del&nbsp;<strong>20 %<\/strong>.<\/p>\n\n\n\n<p class=\"wp-block-paragraph\">b) Durant el tercer any, la contribuci\u00f3 al finan\u00e7ament dels costos de reparaci\u00f3 ser\u00e0 del&nbsp;<strong>10 %<\/strong>.<\/p>\n\n\n\n<p class=\"wp-block-paragraph\">c) Durant el quart any, la contribuci\u00f3 al finan\u00e7ament dels costos de reparaci\u00f3 ser\u00e0 del&nbsp;<strong>5 %<\/strong>.<\/p>\n\n\n\n<p class=\"wp-block-paragraph\">Aquest sistema nom\u00e9s funcionar\u00e0 per als productes inclosos en l\u2019\u00e0mbit de la Directiva sobre el dret a la reparaci\u00f3. Per beneficiar-se d\u2019aquesta reducci\u00f3, les persones consumidores hauran de rec\u00f3rrer a un servei de reparaci\u00f3 inscrit a la Plataforma Europea de Reparaci\u00f3 en l\u00ednia, que haur\u00e0 de garantir que la reparaci\u00f3 no \u00e9s conseq\u00fc\u00e8ncia d\u2019un mal \u00fas del producte. Els reparadors i reparadores descomptaran directament aquest percentatge del preu de la reparaci\u00f3 en el formulari europeu d\u2019informaci\u00f3 sobre la reparaci\u00f3.<\/p>\n\n\n\n<p class=\"wp-block-paragraph\">Posteriorment, el reparador o reparadora podr\u00e0 sol\u00b7licitar el reintegrament d\u2019aquest percentatge als productors o, si escau, als seus representants autoritzats, importadors o comercialitzadors, que hauran d\u2019abonar-lo en un termini m\u00e0xim de 30 dies des de la sol\u00b7licitud.<\/p>\n\n\n\n<p class=\"wp-block-paragraph\"><strong>Els productors publicaran anualment els imports destinats al finan\u00e7ament de les reparacions, la llista dels serveis de reparaci\u00f3 als quals hagin transferit aquests imports i la quantitat de b\u00e9ns reparats, aix\u00ed com el nombre de sol\u00b7licituds rebutjades.<\/strong>&nbsp;Aix\u00f2 proporcionar\u00e0 dades rellevants per avaluar l\u2019impacte del bo i tamb\u00e9 per supervisar fins a quin punt els productors rebutgen cofinan\u00e7ar les reparacions i per quins motius.<\/p>\n\n\n\n<p class=\"wp-block-paragraph\"><strong>Les entitats tamb\u00e9 hem proposat una pol\u00edtica fiscal favorable, com ara una reducci\u00f3 de l\u2019IVA dels productes de segona m\u00e0 o recondicionats, per\u00f2 aquesta mesura no s\u2019ha incorporat a l\u2019esborrany perqu\u00e8 no ha estat acceptada per altres ministeris.<\/strong><\/p>\n\n\n\n<p class=\"wp-block-paragraph\"><strong>Plataforma en l\u00ednia sobre reparaci\u00f3<\/strong><\/p>\n\n\n\n<p class=\"wp-block-paragraph\">A l\u2019Estat espanyol s\u2019ha optat per crear una&nbsp;<strong>secci\u00f3 nacional dins de la interf\u00edcie comuna de la plataforma europea en l\u00ednia prevista per la Directiva sobre el Dret a Reparar.<\/strong>&nbsp;Aquesta secci\u00f3&nbsp;<strong>no nom\u00e9s inclour\u00e0 serveis de reparaci\u00f3, sin\u00f3 tamb\u00e9 establiments de venda de productes recondicionats, compradors de productes defectuosos per al seu recondicionament i iniciatives de reparaci\u00f3 participativa, com ara els&nbsp;<\/strong><em><strong>repair cafes<\/strong><\/em><strong>.<\/strong>&nbsp;La incorporaci\u00f3 d\u2019aquesta diversitat d\u2019actors a la plataforma tamb\u00e9 ha estat una de les demandes de les entitats que finalment s\u2019ha incorporat, i considerem que contribuir\u00e0 a donar a con\u00e8ixer aquestes iniciatives entre la ciutadania i, en conseq\u00fc\u00e8ncia, a refor\u00e7ar-ne l\u2019autonomia i els coneixements en mat\u00e8ria de reparaci\u00f3.<\/p>\n\n\n\n<p class=\"wp-block-paragraph\"><strong>PR\u00d2XIMES PASSES<\/strong><\/p>\n\n\n\n<p class=\"wp-block-paragraph\">Actualment, aquest darrer esborrany es troba en fase de tramitaci\u00f3 en el marc del <a href=\"https:\/\/technical-regulation-information-system.ec.europa.eu\/es\/notification\/28025\" target=\"_blank\" rel=\"noopener\"><u>procediment TRIS<\/u><\/a> (Sistema d\u2019Informaci\u00f3 sobre Reglamentacions T\u00e8cniques) de la Comissi\u00f3 Europea. Per tant, encara hi ha una \u00faltima oportunitat per participar en la consulta p\u00fablica, que romandr\u00e0 oberta fins al&nbsp;<strong>15 de setembre de 2026<\/strong>, i refor\u00e7ar el suport als aspectes positius de la llei, aix\u00ed com demanar la reformulaci\u00f3 dels punts m\u00e9s febles.<\/p>\n\n\n\n<p class=\"wp-block-paragraph\">Posteriorment, l\u2019esborrany es portar\u00e0 al Congr\u00e9s perqu\u00e8 sigui sotm\u00e8s a la votaci\u00f3 definitiva.<\/p>\n\n\n\n<p class=\"wp-block-paragraph\">\u00c9s decisiu continuar pressionant els governs nacionals que encara no han completat la transposici\u00f3, per tal d\u2019aprofitar al m\u00e0xim les oportunitats que obre la Directiva sobre el dret a la reparaci\u00f3 per fer que reparar sigui m\u00e9s accessible i assequible.<\/p>\n\n\n\n<p class=\"wp-block-paragraph\">Tenim moltes ganes de veure-us a totes en acci\u00f3 durant el Dia de la Reparaci\u00f3 2026!<\/p>\n\n\n\n<p class=\"wp-block-paragraph\"><strong>NOTES:<\/strong><\/p>\n\n\n\n<p class=\"wp-block-paragraph\">(I) Aquestes inclouen:<\/p>\n\n\n\n<ol start=\"1\" class=\"wp-block-list\">\n<li><\/li>\n<\/ol>\n\n\n\n<ol start=\"1\" class=\"wp-block-list\">\n<li>Ocultar a les persones consumidores el fet que una actualitzaci\u00f3 de programari pugui afectar negativament el funcionament de b\u00e9ns amb elements digitals o l\u2019\u00fas de continguts o serveis digitals.<\/li>\n\n\n\n<li>Presentar com a necess\u00e0ria una actualitzaci\u00f3 de programari que nom\u00e9s millori caracter\u00edstiques de funcionalitat, per\u00f2 que no sigui necess\u00e0ria per garantir la conformitat del producte.<\/li>\n\n\n\n<li>Fer qualsevol comunicaci\u00f3 comercial en relaci\u00f3 amb un b\u00e9 que contingui una caracter\u00edstica introdu\u00efda per limitar-ne la durabilitat, malgrat que l\u2019empresari disposi d\u2019informaci\u00f3 sobre aquesta caracter\u00edstica i els seus efectes en la durabilitat del b\u00e9.<\/li>\n\n\n\n<li>Afirmar falsament que, en condicions normals d\u2019\u00fas, un b\u00e9 t\u00e9 una durabilitat determinada en termes de temps o intensitat d\u2019\u00fas, o presentar un b\u00e9 com a no susceptible de reutilitzaci\u00f3 o no apte per a la segona m\u00e0 sense que sigui cert.<\/li>\n\n\n\n<li>Presentar un b\u00e9 com a apte per a la reparaci\u00f3 quan no ho sigui.<\/li>\n\n\n\n<li>Induir les persones consumidores a creure que els seus b\u00e9ns no es poden reparar a causa d\u2019una reparaci\u00f3 o inspecci\u00f3 pr\u00e8vies per part d\u2019un reparador o reparadora independent o d\u2019un usuari o usu\u00e0ria final, o mitjan\u00e7ant afirmacions falses que aquesta reparaci\u00f3 o inspecci\u00f3 genera riscos relacionats amb la seguretat.<\/li>\n\n\n\n<li>Induir la persona consumidora o usu\u00e0ria a substituir, omplir o reposar elements fungibles d\u2019un b\u00e9 abans del que sigui necessari per raons t\u00e8cniques.<\/li>\n\n\n\n<li>Ocultar informaci\u00f3 sobre el deteriorament de la funcionalitat d\u2019un b\u00e9 quan s\u2019utilitzin elements fungibles, peces de recanvi o accessoris no subministrats pel productor original, o afirmar falsament que aquest deteriorament es produir\u00e0.<\/li>\n<\/ol>\n","protected":false},"excerpt":{"rendered":"<p>Per Claudia Bosch, coordinadora de la Campanya Electr\u00f2nica Justa de SETEM Catalunya i membre de Right to Repair Europe. L\u2019Estat espanyol est\u00e0 treballant en la transposici\u00f3 de la Directiva europea sobre el dret a reparar, a trav\u00e9s de la Ley de Consumo Sostenible (Llei de Consum Sostenible), liderada pel Ministerio de Derechos Sociales, Consumo y &hellip; <\/p>\n<p class=\"link-more\"><a href=\"https:\/\/repair.eu\/ca\/news\/el-dret-a-reparar-a-lestat-espanyol-victories-derrotes-retards-i-reptes-pendents\/\" class=\"more-link\">Continua llegint <span class=\"screen-reader-text\">\u00abEl dret a reparar a L\u2019Estat espanyol: vict\u00f2ries, derrotes, retards i reptes pendents\u00bb<\/span><\/a><\/p>\n","protected":false},"author":22,"featured_media":9571,"comment_status":"open","ping_status":"closed","sticky":false,"template":"","format":"standard","meta":{"_acf_changed":false,"footnotes":""},"categories":[31],"tags":[],"class_list":["post-9578","post","type-post","status-publish","format-standard","has-post-thumbnail","hentry","category-sense-categoria","entry"],"acf":[],"yoast_head":"<!-- This site is optimized with the Yoast SEO plugin v28.4 - https:\/\/yoast.com\/product\/yoast-seo-wordpress\/ -->\n<title>El dret a reparar a L\u2019Estat espanyol: vict\u00f2ries, derrotes, retards i reptes pendents - Right to Repair Europe<\/title>\n<meta name=\"robots\" content=\"index, follow, max-snippet:-1, max-image-preview:large, max-video-preview:-1\" \/>\n<link rel=\"canonical\" href=\"https:\/\/repair.eu\/ca\/news\/el-dret-a-reparar-a-lestat-espanyol-victories-derrotes-retards-i-reptes-pendents\/\" \/>\n<meta property=\"og:locale\" content=\"ca_ES\" \/>\n<meta property=\"og:type\" content=\"article\" \/>\n<meta property=\"og:title\" content=\"El dret a reparar a L\u2019Estat espanyol: vict\u00f2ries, derrotes, retards i reptes pendents - Right to Repair Europe\" \/>\n<meta property=\"og:description\" content=\"Per Claudia Bosch, coordinadora de la Campanya Electr\u00f2nica Justa de SETEM Catalunya i membre de Right to Repair Europe. L\u2019Estat espanyol est\u00e0 treballant en la transposici\u00f3 de la Directiva europea sobre el dret a reparar, a trav\u00e9s de la Ley de Consumo Sostenible (Llei de Consum Sostenible), liderada pel Ministerio de Derechos Sociales, Consumo y &hellip; Continua llegint \u00abEl dret a reparar a L\u2019Estat espanyol: vict\u00f2ries, derrotes, retards i reptes pendents\u00bb\" \/>\n<meta property=\"og:url\" content=\"https:\/\/repair.eu\/ca\/news\/el-dret-a-reparar-a-lestat-espanyol-victories-derrotes-retards-i-reptes-pendents\/\" \/>\n<meta property=\"og:site_name\" content=\"Right to Repair Europe\" \/>\n<meta property=\"article:publisher\" content=\"https:\/\/www.facebook.com\/righttorepaireurope\/\" \/>\n<meta property=\"article:published_time\" content=\"2026-09-01T11:01:09+00:00\" \/>\n<meta property=\"article:modified_time\" content=\"2026-09-01T11:38:22+00:00\" \/>\n<meta property=\"og:image\" content=\"https:\/\/repair.eu\/wp-content\/uploads\/2026\/08\/R2R-Directive-Implementation-1.png\" \/>\n\t<meta property=\"og:image:width\" content=\"1470\" \/>\n\t<meta property=\"og:image:height\" content=\"930\" \/>\n\t<meta property=\"og:image:type\" content=\"image\/png\" \/>\n<meta name=\"author\" content=\"Claudia Bosch\" \/>\n<meta name=\"twitter:card\" content=\"summary_large_image\" \/>\n<meta name=\"twitter:creator\" content=\"@R2REurope\" \/>\n<meta name=\"twitter:site\" content=\"@R2REurope\" \/>\n<meta name=\"twitter:label1\" content=\"Escrit per\" \/>\n\t<meta name=\"twitter:data1\" content=\"Claudia Bosch\" \/>\n\t<meta name=\"twitter:label2\" content=\"Temps estimat de lectura\" \/>\n\t<meta name=\"twitter:data2\" content=\"9 minuts\" \/>\n<script type=\"application\/ld+json\" class=\"yoast-schema-graph\">{\"@context\":\"https:\\\/\\\/schema.org\",\"@graph\":[{\"@type\":\"Article\",\"@id\":\"https:\\\/\\\/repair.eu\\\/ca\\\/news\\\/el-dret-a-reparar-a-lestat-espanyol-victories-derrotes-retards-i-reptes-pendents\\\/#article\",\"isPartOf\":{\"@id\":\"https:\\\/\\\/repair.eu\\\/ca\\\/news\\\/el-dret-a-reparar-a-lestat-espanyol-victories-derrotes-retards-i-reptes-pendents\\\/\"},\"author\":{\"name\":\"Claudia Bosch\",\"@id\":\"https:\\\/\\\/repair.eu\\\/ca\\\/#\\\/schema\\\/person\\\/bfba9062adf5e2cb7aa7a286c8d6f7c5\"},\"headline\":\"El dret a reparar a L\u2019Estat espanyol: vict\u00f2ries, derrotes, retards i reptes pendents\",\"datePublished\":\"2026-09-01T11:01:09+00:00\",\"dateModified\":\"2026-09-01T11:38:22+00:00\",\"mainEntityOfPage\":{\"@id\":\"https:\\\/\\\/repair.eu\\\/ca\\\/news\\\/el-dret-a-reparar-a-lestat-espanyol-victories-derrotes-retards-i-reptes-pendents\\\/\"},\"wordCount\":2060,\"commentCount\":0,\"publisher\":{\"@id\":\"https:\\\/\\\/repair.eu\\\/ca\\\/#organization\"},\"image\":{\"@id\":\"https:\\\/\\\/repair.eu\\\/ca\\\/news\\\/el-dret-a-reparar-a-lestat-espanyol-victories-derrotes-retards-i-reptes-pendents\\\/#primaryimage\"},\"thumbnailUrl\":\"https:\\\/\\\/repair.eu\\\/wp-content\\\/uploads\\\/2026\\\/08\\\/R2R-Directive-Implementation-1.png\",\"inLanguage\":\"ca\",\"potentialAction\":[{\"@type\":\"CommentAction\",\"name\":\"Comment\",\"target\":[\"https:\\\/\\\/repair.eu\\\/ca\\\/news\\\/el-dret-a-reparar-a-lestat-espanyol-victories-derrotes-retards-i-reptes-pendents\\\/#respond\"]}]},{\"@type\":\"WebPage\",\"@id\":\"https:\\\/\\\/repair.eu\\\/ca\\\/news\\\/el-dret-a-reparar-a-lestat-espanyol-victories-derrotes-retards-i-reptes-pendents\\\/\",\"url\":\"https:\\\/\\\/repair.eu\\\/ca\\\/news\\\/el-dret-a-reparar-a-lestat-espanyol-victories-derrotes-retards-i-reptes-pendents\\\/\",\"name\":\"El dret a reparar a L\u2019Estat espanyol: vict\u00f2ries, derrotes, retards i reptes pendents - Right to Repair Europe\",\"isPartOf\":{\"@id\":\"https:\\\/\\\/repair.eu\\\/ca\\\/#website\"},\"primaryImageOfPage\":{\"@id\":\"https:\\\/\\\/repair.eu\\\/ca\\\/news\\\/el-dret-a-reparar-a-lestat-espanyol-victories-derrotes-retards-i-reptes-pendents\\\/#primaryimage\"},\"image\":{\"@id\":\"https:\\\/\\\/repair.eu\\\/ca\\\/news\\\/el-dret-a-reparar-a-lestat-espanyol-victories-derrotes-retards-i-reptes-pendents\\\/#primaryimage\"},\"thumbnailUrl\":\"https:\\\/\\\/repair.eu\\\/wp-content\\\/uploads\\\/2026\\\/08\\\/R2R-Directive-Implementation-1.png\",\"datePublished\":\"2026-09-01T11:01:09+00:00\",\"dateModified\":\"2026-09-01T11:38:22+00:00\",\"breadcrumb\":{\"@id\":\"https:\\\/\\\/repair.eu\\\/ca\\\/news\\\/el-dret-a-reparar-a-lestat-espanyol-victories-derrotes-retards-i-reptes-pendents\\\/#breadcrumb\"},\"inLanguage\":\"ca\",\"potentialAction\":[{\"@type\":\"ReadAction\",\"target\":[\"https:\\\/\\\/repair.eu\\\/ca\\\/news\\\/el-dret-a-reparar-a-lestat-espanyol-victories-derrotes-retards-i-reptes-pendents\\\/\"]}]},{\"@type\":\"ImageObject\",\"inLanguage\":\"ca\",\"@id\":\"https:\\\/\\\/repair.eu\\\/ca\\\/news\\\/el-dret-a-reparar-a-lestat-espanyol-victories-derrotes-retards-i-reptes-pendents\\\/#primaryimage\",\"url\":\"https:\\\/\\\/repair.eu\\\/wp-content\\\/uploads\\\/2026\\\/08\\\/R2R-Directive-Implementation-1.png\",\"contentUrl\":\"https:\\\/\\\/repair.eu\\\/wp-content\\\/uploads\\\/2026\\\/08\\\/R2R-Directive-Implementation-1.png\",\"width\":1470,\"height\":930},{\"@type\":\"BreadcrumbList\",\"@id\":\"https:\\\/\\\/repair.eu\\\/ca\\\/news\\\/el-dret-a-reparar-a-lestat-espanyol-victories-derrotes-retards-i-reptes-pendents\\\/#breadcrumb\",\"itemListElement\":[{\"@type\":\"ListItem\",\"position\":1,\"name\":\"Home\",\"item\":\"https:\\\/\\\/repair.eu\\\/ca\\\/\"},{\"@type\":\"ListItem\",\"position\":2,\"name\":\"El dret a reparar a L\u2019Estat espanyol: vict\u00f2ries, derrotes, retards i reptes pendents\"}]},{\"@type\":\"WebSite\",\"@id\":\"https:\\\/\\\/repair.eu\\\/ca\\\/#website\",\"url\":\"https:\\\/\\\/repair.eu\\\/ca\\\/\",\"name\":\"Right to Repair Europe\",\"description\":\"\",\"publisher\":{\"@id\":\"https:\\\/\\\/repair.eu\\\/ca\\\/#organization\"},\"potentialAction\":[{\"@type\":\"SearchAction\",\"target\":{\"@type\":\"EntryPoint\",\"urlTemplate\":\"https:\\\/\\\/repair.eu\\\/ca\\\/?s={search_term_string}\"},\"query-input\":{\"@type\":\"PropertyValueSpecification\",\"valueRequired\":true,\"valueName\":\"search_term_string\"}}],\"inLanguage\":\"ca\"},{\"@type\":\"Organization\",\"@id\":\"https:\\\/\\\/repair.eu\\\/ca\\\/#organization\",\"name\":\"Right to Repair Europe\",\"url\":\"https:\\\/\\\/repair.eu\\\/ca\\\/\",\"logo\":{\"@type\":\"ImageObject\",\"inLanguage\":\"ca\",\"@id\":\"https:\\\/\\\/repair.eu\\\/ca\\\/#\\\/schema\\\/logo\\\/image\\\/\",\"url\":\"https:\\\/\\\/repair.eu\\\/wp-content\\\/uploads\\\/2019\\\/09\\\/Right-to-repair-logo.png\",\"contentUrl\":\"https:\\\/\\\/repair.eu\\\/wp-content\\\/uploads\\\/2019\\\/09\\\/Right-to-repair-logo.png\",\"width\":451,\"height\":62,\"caption\":\"Right to Repair Europe\"},\"image\":{\"@id\":\"https:\\\/\\\/repair.eu\\\/ca\\\/#\\\/schema\\\/logo\\\/image\\\/\"},\"sameAs\":[\"https:\\\/\\\/www.facebook.com\\\/righttorepaireurope\\\/\",\"https:\\\/\\\/x.com\\\/R2REurope\",\"https:\\\/\\\/www.instagram.com\\\/R2REurope\\\/\"]},{\"@type\":\"Person\",\"@id\":\"https:\\\/\\\/repair.eu\\\/ca\\\/#\\\/schema\\\/person\\\/bfba9062adf5e2cb7aa7a286c8d6f7c5\",\"name\":\"Claudia Bosch\",\"image\":{\"@type\":\"ImageObject\",\"inLanguage\":\"ca\",\"@id\":\"https:\\\/\\\/secure.gravatar.com\\\/avatar\\\/19e6be2566b1cc1b1de3213e6d4e3a5ea56df0dbfbef2728db954419466a49a0?s=96&d=mm&r=g\",\"url\":\"https:\\\/\\\/secure.gravatar.com\\\/avatar\\\/19e6be2566b1cc1b1de3213e6d4e3a5ea56df0dbfbef2728db954419466a49a0?s=96&d=mm&r=g\",\"contentUrl\":\"https:\\\/\\\/secure.gravatar.com\\\/avatar\\\/19e6be2566b1cc1b1de3213e6d4e3a5ea56df0dbfbef2728db954419466a49a0?s=96&d=mm&r=g\",\"caption\":\"Claudia Bosch\"},\"url\":\"https:\\\/\\\/repair.eu\\\/ca\\\/news\\\/author\\\/claudia-bosch\\\/\"}]}<\/script>\n<!-- \/ Yoast SEO plugin. -->","yoast_head_json":{"title":"El dret a reparar a L\u2019Estat espanyol: vict\u00f2ries, derrotes, retards i reptes pendents - Right to Repair Europe","robots":{"index":"index","follow":"follow","max-snippet":"max-snippet:-1","max-image-preview":"max-image-preview:large","max-video-preview":"max-video-preview:-1"},"canonical":"https:\/\/repair.eu\/ca\/news\/el-dret-a-reparar-a-lestat-espanyol-victories-derrotes-retards-i-reptes-pendents\/","og_locale":"ca_ES","og_type":"article","og_title":"El dret a reparar a L\u2019Estat espanyol: vict\u00f2ries, derrotes, retards i reptes pendents - Right to Repair Europe","og_description":"Per Claudia Bosch, coordinadora de la Campanya Electr\u00f2nica Justa de SETEM Catalunya i membre de Right to Repair Europe. L\u2019Estat espanyol est\u00e0 treballant en la transposici\u00f3 de la Directiva europea sobre el dret a reparar, a trav\u00e9s de la Ley de Consumo Sostenible (Llei de Consum Sostenible), liderada pel Ministerio de Derechos Sociales, Consumo y &hellip; Continua llegint \u00abEl dret a reparar a L\u2019Estat espanyol: vict\u00f2ries, derrotes, retards i reptes pendents\u00bb","og_url":"https:\/\/repair.eu\/ca\/news\/el-dret-a-reparar-a-lestat-espanyol-victories-derrotes-retards-i-reptes-pendents\/","og_site_name":"Right to Repair Europe","article_publisher":"https:\/\/www.facebook.com\/righttorepaireurope\/","article_published_time":"2026-09-01T11:01:09+00:00","article_modified_time":"2026-09-01T11:38:22+00:00","og_image":[{"width":1470,"height":930,"url":"https:\/\/repair.eu\/wp-content\/uploads\/2026\/08\/R2R-Directive-Implementation-1.png","type":"image\/png"}],"author":"Claudia Bosch","twitter_card":"summary_large_image","twitter_creator":"@R2REurope","twitter_site":"@R2REurope","twitter_misc":{"Escrit per":"Claudia Bosch","Temps estimat de lectura":"9 minuts"},"schema":{"@context":"https:\/\/schema.org","@graph":[{"@type":"Article","@id":"https:\/\/repair.eu\/ca\/news\/el-dret-a-reparar-a-lestat-espanyol-victories-derrotes-retards-i-reptes-pendents\/#article","isPartOf":{"@id":"https:\/\/repair.eu\/ca\/news\/el-dret-a-reparar-a-lestat-espanyol-victories-derrotes-retards-i-reptes-pendents\/"},"author":{"name":"Claudia Bosch","@id":"https:\/\/repair.eu\/ca\/#\/schema\/person\/bfba9062adf5e2cb7aa7a286c8d6f7c5"},"headline":"El dret a reparar a L\u2019Estat espanyol: vict\u00f2ries, derrotes, retards i reptes pendents","datePublished":"2026-09-01T11:01:09+00:00","dateModified":"2026-09-01T11:38:22+00:00","mainEntityOfPage":{"@id":"https:\/\/repair.eu\/ca\/news\/el-dret-a-reparar-a-lestat-espanyol-victories-derrotes-retards-i-reptes-pendents\/"},"wordCount":2060,"commentCount":0,"publisher":{"@id":"https:\/\/repair.eu\/ca\/#organization"},"image":{"@id":"https:\/\/repair.eu\/ca\/news\/el-dret-a-reparar-a-lestat-espanyol-victories-derrotes-retards-i-reptes-pendents\/#primaryimage"},"thumbnailUrl":"https:\/\/repair.eu\/wp-content\/uploads\/2026\/08\/R2R-Directive-Implementation-1.png","inLanguage":"ca","potentialAction":[{"@type":"CommentAction","name":"Comment","target":["https:\/\/repair.eu\/ca\/news\/el-dret-a-reparar-a-lestat-espanyol-victories-derrotes-retards-i-reptes-pendents\/#respond"]}]},{"@type":"WebPage","@id":"https:\/\/repair.eu\/ca\/news\/el-dret-a-reparar-a-lestat-espanyol-victories-derrotes-retards-i-reptes-pendents\/","url":"https:\/\/repair.eu\/ca\/news\/el-dret-a-reparar-a-lestat-espanyol-victories-derrotes-retards-i-reptes-pendents\/","name":"El dret a reparar a L\u2019Estat espanyol: vict\u00f2ries, derrotes, retards i reptes pendents - Right to Repair Europe","isPartOf":{"@id":"https:\/\/repair.eu\/ca\/#website"},"primaryImageOfPage":{"@id":"https:\/\/repair.eu\/ca\/news\/el-dret-a-reparar-a-lestat-espanyol-victories-derrotes-retards-i-reptes-pendents\/#primaryimage"},"image":{"@id":"https:\/\/repair.eu\/ca\/news\/el-dret-a-reparar-a-lestat-espanyol-victories-derrotes-retards-i-reptes-pendents\/#primaryimage"},"thumbnailUrl":"https:\/\/repair.eu\/wp-content\/uploads\/2026\/08\/R2R-Directive-Implementation-1.png","datePublished":"2026-09-01T11:01:09+00:00","dateModified":"2026-09-01T11:38:22+00:00","breadcrumb":{"@id":"https:\/\/repair.eu\/ca\/news\/el-dret-a-reparar-a-lestat-espanyol-victories-derrotes-retards-i-reptes-pendents\/#breadcrumb"},"inLanguage":"ca","potentialAction":[{"@type":"ReadAction","target":["https:\/\/repair.eu\/ca\/news\/el-dret-a-reparar-a-lestat-espanyol-victories-derrotes-retards-i-reptes-pendents\/"]}]},{"@type":"ImageObject","inLanguage":"ca","@id":"https:\/\/repair.eu\/ca\/news\/el-dret-a-reparar-a-lestat-espanyol-victories-derrotes-retards-i-reptes-pendents\/#primaryimage","url":"https:\/\/repair.eu\/wp-content\/uploads\/2026\/08\/R2R-Directive-Implementation-1.png","contentUrl":"https:\/\/repair.eu\/wp-content\/uploads\/2026\/08\/R2R-Directive-Implementation-1.png","width":1470,"height":930},{"@type":"BreadcrumbList","@id":"https:\/\/repair.eu\/ca\/news\/el-dret-a-reparar-a-lestat-espanyol-victories-derrotes-retards-i-reptes-pendents\/#breadcrumb","itemListElement":[{"@type":"ListItem","position":1,"name":"Home","item":"https:\/\/repair.eu\/ca\/"},{"@type":"ListItem","position":2,"name":"El dret a reparar a L\u2019Estat espanyol: vict\u00f2ries, derrotes, retards i reptes pendents"}]},{"@type":"WebSite","@id":"https:\/\/repair.eu\/ca\/#website","url":"https:\/\/repair.eu\/ca\/","name":"Right to Repair Europe","description":"","publisher":{"@id":"https:\/\/repair.eu\/ca\/#organization"},"potentialAction":[{"@type":"SearchAction","target":{"@type":"EntryPoint","urlTemplate":"https:\/\/repair.eu\/ca\/?s={search_term_string}"},"query-input":{"@type":"PropertyValueSpecification","valueRequired":true,"valueName":"search_term_string"}}],"inLanguage":"ca"},{"@type":"Organization","@id":"https:\/\/repair.eu\/ca\/#organization","name":"Right to Repair Europe","url":"https:\/\/repair.eu\/ca\/","logo":{"@type":"ImageObject","inLanguage":"ca","@id":"https:\/\/repair.eu\/ca\/#\/schema\/logo\/image\/","url":"https:\/\/repair.eu\/wp-content\/uploads\/2019\/09\/Right-to-repair-logo.png","contentUrl":"https:\/\/repair.eu\/wp-content\/uploads\/2019\/09\/Right-to-repair-logo.png","width":451,"height":62,"caption":"Right to Repair Europe"},"image":{"@id":"https:\/\/repair.eu\/ca\/#\/schema\/logo\/image\/"},"sameAs":["https:\/\/www.facebook.com\/righttorepaireurope\/","https:\/\/x.com\/R2REurope","https:\/\/www.instagram.com\/R2REurope\/"]},{"@type":"Person","@id":"https:\/\/repair.eu\/ca\/#\/schema\/person\/bfba9062adf5e2cb7aa7a286c8d6f7c5","name":"Claudia Bosch","image":{"@type":"ImageObject","inLanguage":"ca","@id":"https:\/\/secure.gravatar.com\/avatar\/19e6be2566b1cc1b1de3213e6d4e3a5ea56df0dbfbef2728db954419466a49a0?s=96&d=mm&r=g","url":"https:\/\/secure.gravatar.com\/avatar\/19e6be2566b1cc1b1de3213e6d4e3a5ea56df0dbfbef2728db954419466a49a0?s=96&d=mm&r=g","contentUrl":"https:\/\/secure.gravatar.com\/avatar\/19e6be2566b1cc1b1de3213e6d4e3a5ea56df0dbfbef2728db954419466a49a0?s=96&d=mm&r=g","caption":"Claudia Bosch"},"url":"https:\/\/repair.eu\/ca\/news\/author\/claudia-bosch\/"}]}},"_links":{"self":[{"href":"https:\/\/repair.eu\/ca\/wp-json\/wp\/v2\/posts\/9578","targetHints":{"allow":["GET"]}}],"collection":[{"href":"https:\/\/repair.eu\/ca\/wp-json\/wp\/v2\/posts"}],"about":[{"href":"https:\/\/repair.eu\/ca\/wp-json\/wp\/v2\/types\/post"}],"author":[{"embeddable":true,"href":"https:\/\/repair.eu\/ca\/wp-json\/wp\/v2\/users\/22"}],"replies":[{"embeddable":true,"href":"https:\/\/repair.eu\/ca\/wp-json\/wp\/v2\/comments?post=9578"}],"version-history":[{"count":6,"href":"https:\/\/repair.eu\/ca\/wp-json\/wp\/v2\/posts\/9578\/revisions"}],"predecessor-version":[{"id":9720,"href":"https:\/\/repair.eu\/ca\/wp-json\/wp\/v2\/posts\/9578\/revisions\/9720"}],"wp:featuredmedia":[{"embeddable":true,"href":"https:\/\/repair.eu\/ca\/wp-json\/wp\/v2\/media\/9571"}],"wp:attachment":[{"href":"https:\/\/repair.eu\/ca\/wp-json\/wp\/v2\/media?parent=9578"}],"wp:term":[{"taxonomy":"category","embeddable":true,"href":"https:\/\/repair.eu\/ca\/wp-json\/wp\/v2\/categories?post=9578"},{"taxonomy":"post_tag","embeddable":true,"href":"https:\/\/repair.eu\/ca\/wp-json\/wp\/v2\/tags?post=9578"}],"curies":[{"name":"wp","href":"https:\/\/api.w.org\/{rel}","templated":true}]}}