{"id":5948,"date":"2023-11-06T17:19:03","date_gmt":"2023-11-06T16:19:03","guid":{"rendered":"https:\/\/repair.eu\/?p=5948"},"modified":"2023-11-06T17:26:46","modified_gmt":"2023-11-06T16:26:46","slug":"eu-recht-auf-reparatur-mitgliedstaaten-muessen-mitziehen","status":"publish","type":"post","link":"https:\/\/repair.eu\/de\/news\/eu-recht-auf-reparatur-mitgliedstaaten-muessen-mitziehen\/","title":{"rendered":"EU-Recht auf Reparatur: Mitgliedstaaten m\u00fcssen mitziehen"},"content":{"rendered":"\n<figure class=\"wp-block-embed is-type-video is-provider-youtube wp-block-embed-youtube wp-embed-aspect-16-9 wp-has-aspect-ratio\"><div class=\"wp-block-embed__wrapper\">\n<iframe loading=\"lazy\" title=\"Wer hat heute das Recht auf Reparatur?\" width=\"640\" height=\"360\" src=\"https:\/\/www.youtube.com\/embed\/NVWkrxO0eIg?start=1&#038;feature=oembed\" frameborder=\"0\" allow=\"accelerometer; autoplay; clipboard-write; encrypted-media; gyroscope; picture-in-picture; web-share\" referrerpolicy=\"strict-origin-when-cross-origin\" allowfullscreen><\/iframe>\n<\/div><\/figure>\n\n\n\n<p>Die EU steht gerade vor der einmaligen Gelegenheit, sich f\u00fcr eine Abkehr von der Wegwerfwirtschaft und f\u00fcr ein wahres Recht auf Reparatur einzusetzen. Es besteht jedoch die Gefahr, dass wir diese Gelegenheit verpassen. Deshalb brauchen wir Ihre Hilfe!<\/p>\n\n\n\n<p>Wenn wir die Reparatur wirklich f\u00fcr alle zug\u00e4nglich machen wollen, und zwar f\u00fcr alle Produkte, muss sie erschwinglich und frei von monopolistischen Anti-Reparaturpraktiken sein. Das bedeutet: Ersatzteile sind f\u00fcr alle verf\u00fcgbar und zwar zu erschwinglichen Preisen. Und Hersteller k\u00f6nnen das Tauschen von Teilen durch Software-Blockade nicht erschweren.<\/p>\n\n\n\n<p>Der Binnenmarktausschuss des EU-Parlaments ist vorangegangen und&nbsp;<a href=\"https:\/\/repair.eu\/news\/broad-support-for-repair-in-the-imco-committee-of-the-eu-parliament-will-the-council-keep-up-with-the-ambition\/\">hat sich f\u00fcr ein starkes Recht auf Reparatur ausgesprochen<\/a>. Unsere nationalen Vertreter*innen z\u00f6gern jedoch noch. Ohne sie auf unserer Seite zu haben, werden wir kaum \u00c4nderungen erreichen.<\/p>\n\n\n\n<p><strong>Deshalb: Fordern Sie die Vertreter*innen der Bundesregierung im Vorfeld der Ratsenscheidung \u00fcber die neuen Reparaturvorschriften Ende November auf, f\u00fcr eine wirklich wegweisende Gesetzgebung zu stimmen!&nbsp;<\/strong>Hier unten k\u00f6nnen Sie eine E-Mail verfassen und sie mit nur wenigen Klicks abschicken.<\/p>\n\n\n<link href='https:\/\/actionnetwork.org\/css\/style-embed-whitelabel-v3.css' rel='stylesheet' type='text\/css' \/><script src='https:\/\/actionnetwork.org\/widgets\/v5\/letter\/recht-auf-reparatur-in-europa-zugang-zu-erschwinglichen-reparaturen-durch-ein-offenes-reparatur-netzwerk-und-vernunftige-preise-fur-ersatzteile?format=js&source=widget&style=full'><\/script><div id='can-letter-area-recht-auf-reparatur-in-europa-zugang-zu-erschwinglichen-reparaturen-durch-ein-offenes-reparatur-netzwerk-und-vernunftige-preise-fur-ersatzteile' style='width: 100%'><!-- this div is the target for our HTML insertion --><\/div>\n\n\n\n<section class=\"block block__action-network-form block__full-width bgcolor-\" id=\"take-action\">\n\n\t<div class=\"block__inner block__action-network-form--inner\">\n\n\t\t\n\t\t\n\t<\/div>\n\n<\/section>\n\n","protected":false},"excerpt":{"rendered":"<p>Die EU steht gerade vor der einmaligen Gelegenheit, sich f\u00fcr eine Abkehr von der Wegwerfwirtschaft und f\u00fcr ein wahres Recht auf Reparatur einzusetzen. Es besteht jedoch die Gefahr, dass wir diese Gelegenheit verpassen. Deshalb brauchen wir Ihre Hilfe! Wenn wir die Reparatur wirklich f\u00fcr alle zug\u00e4nglich machen wollen, und zwar f\u00fcr alle Produkte, muss sie &hellip; <\/p>\n<p class=\"link-more\"><a href=\"https:\/\/repair.eu\/de\/news\/eu-recht-auf-reparatur-mitgliedstaaten-muessen-mitziehen\/\" class=\"more-link\"><span class=\"screen-reader-text\">\u201eEU-Recht auf Reparatur: Mitgliedstaaten m\u00fcssen mitziehen\u201c <\/span>weiterlesen<\/a><\/p>\n","protected":false},"author":17,"featured_media":5842,"comment_status":"closed","ping_status":"closed","sticky":false,"template":"","format":"standard","meta":{"_acf_changed":false,"footnotes":""},"categories":[15],"tags":[],"class_list":["post-5948","post","type-post","status-publish","format-standard","has-post-thumbnail","hentry","category-unkategorisiert","entry"],"acf":[],"yoast_head":"<!-- This site is optimized with the Yoast SEO plugin v27.4 - https:\/\/yoast.com\/product\/yoast-seo-wordpress\/ -->\n<title>EU-Recht auf Reparatur: Mitgliedstaaten m\u00fcssen mitziehen - Right to Repair Europe<\/title>\n<meta name=\"robots\" content=\"index, follow, max-snippet:-1, max-image-preview:large, max-video-preview:-1\" \/>\n<link rel=\"canonical\" href=\"https:\/\/repair.eu\/de\/news\/eu-recht-auf-reparatur-mitgliedstaaten-muessen-mitziehen\/\" \/>\n<meta property=\"og:locale\" content=\"de_DE\" \/>\n<meta property=\"og:type\" content=\"article\" \/>\n<meta property=\"og:title\" content=\"EU-Recht auf Reparatur: Mitgliedstaaten m\u00fcssen mitziehen - Right to Repair Europe\" \/>\n<meta property=\"og:description\" content=\"Die EU steht gerade vor der einmaligen Gelegenheit, sich f\u00fcr eine Abkehr von der Wegwerfwirtschaft und f\u00fcr ein wahres Recht auf Reparatur einzusetzen. Es besteht jedoch die Gefahr, dass wir diese Gelegenheit verpassen. Deshalb brauchen wir Ihre Hilfe! Wenn wir die Reparatur wirklich f\u00fcr alle zug\u00e4nglich machen wollen, und zwar f\u00fcr alle Produkte, muss sie &hellip; \u201eEU-Recht auf Reparatur: Mitgliedstaaten m\u00fcssen mitziehen\u201c weiterlesen\" \/>\n<meta property=\"og:url\" content=\"https:\/\/repair.eu\/de\/news\/eu-recht-auf-reparatur-mitgliedstaaten-muessen-mitziehen\/\" \/>\n<meta property=\"og:site_name\" content=\"Right to Repair Europe\" \/>\n<meta property=\"article:publisher\" content=\"https:\/\/www.facebook.com\/righttorepaireurope\/\" \/>\n<meta property=\"article:published_time\" content=\"2023-11-06T16:19:03+00:00\" \/>\n<meta property=\"article:modified_time\" content=\"2023-11-06T16:26:46+00:00\" \/>\n<meta property=\"og:image\" content=\"https:\/\/repair.eu\/wp-content\/uploads\/2023\/10\/REPAIR-TO-EVERYONE.png\" \/>\n\t<meta property=\"og:image:width\" content=\"1470\" \/>\n\t<meta property=\"og:image:height\" content=\"930\" \/>\n\t<meta property=\"og:image:type\" content=\"image\/png\" \/>\n<meta name=\"author\" content=\"Cristina Ganapini\" \/>\n<meta name=\"twitter:card\" content=\"summary_large_image\" \/>\n<meta name=\"twitter:creator\" content=\"@R2REurope\" \/>\n<meta name=\"twitter:site\" content=\"@R2REurope\" \/>\n<meta name=\"twitter:label1\" content=\"Verfasst von\" \/>\n\t<meta name=\"twitter:data1\" content=\"Cristina Ganapini\" \/>\n\t<meta name=\"twitter:label2\" content=\"Gesch\u00e4tzte Lesezeit\" \/>\n\t<meta name=\"twitter:data2\" content=\"1\u00a0Minute\" \/>\n<script type=\"application\/ld+json\" class=\"yoast-schema-graph\">{\"@context\":\"https:\\\/\\\/schema.org\",\"@graph\":[{\"@type\":\"Article\",\"@id\":\"https:\\\/\\\/repair.eu\\\/de\\\/news\\\/eu-recht-auf-reparatur-mitgliedstaaten-muessen-mitziehen\\\/#article\",\"isPartOf\":{\"@id\":\"https:\\\/\\\/repair.eu\\\/de\\\/news\\\/eu-recht-auf-reparatur-mitgliedstaaten-muessen-mitziehen\\\/\"},\"author\":{\"name\":\"Cristina Ganapini\",\"@id\":\"https:\\\/\\\/repair.eu\\\/de\\\/#\\\/schema\\\/person\\\/94965a064d421aecb5561dea081b15f3\"},\"headline\":\"EU-Recht auf Reparatur: Mitgliedstaaten m\u00fcssen mitziehen\",\"datePublished\":\"2023-11-06T16:19:03+00:00\",\"dateModified\":\"2023-11-06T16:26:46+00:00\",\"mainEntityOfPage\":{\"@id\":\"https:\\\/\\\/repair.eu\\\/de\\\/news\\\/eu-recht-auf-reparatur-mitgliedstaaten-muessen-mitziehen\\\/\"},\"wordCount\":196,\"publisher\":{\"@id\":\"https:\\\/\\\/repair.eu\\\/de\\\/#organization\"},\"image\":{\"@id\":\"https:\\\/\\\/repair.eu\\\/de\\\/news\\\/eu-recht-auf-reparatur-mitgliedstaaten-muessen-mitziehen\\\/#primaryimage\"},\"thumbnailUrl\":\"https:\\\/\\\/repair.eu\\\/wp-content\\\/uploads\\\/2023\\\/10\\\/REPAIR-TO-EVERYONE.png\",\"articleSection\":[\"Unkategorisiert\"],\"inLanguage\":\"de\"},{\"@type\":\"WebPage\",\"@id\":\"https:\\\/\\\/repair.eu\\\/de\\\/news\\\/eu-recht-auf-reparatur-mitgliedstaaten-muessen-mitziehen\\\/\",\"url\":\"https:\\\/\\\/repair.eu\\\/de\\\/news\\\/eu-recht-auf-reparatur-mitgliedstaaten-muessen-mitziehen\\\/\",\"name\":\"EU-Recht auf Reparatur: Mitgliedstaaten m\u00fcssen mitziehen - Right to Repair Europe\",\"isPartOf\":{\"@id\":\"https:\\\/\\\/repair.eu\\\/de\\\/#website\"},\"primaryImageOfPage\":{\"@id\":\"https:\\\/\\\/repair.eu\\\/de\\\/news\\\/eu-recht-auf-reparatur-mitgliedstaaten-muessen-mitziehen\\\/#primaryimage\"},\"image\":{\"@id\":\"https:\\\/\\\/repair.eu\\\/de\\\/news\\\/eu-recht-auf-reparatur-mitgliedstaaten-muessen-mitziehen\\\/#primaryimage\"},\"thumbnailUrl\":\"https:\\\/\\\/repair.eu\\\/wp-content\\\/uploads\\\/2023\\\/10\\\/REPAIR-TO-EVERYONE.png\",\"datePublished\":\"2023-11-06T16:19:03+00:00\",\"dateModified\":\"2023-11-06T16:26:46+00:00\",\"breadcrumb\":{\"@id\":\"https:\\\/\\\/repair.eu\\\/de\\\/news\\\/eu-recht-auf-reparatur-mitgliedstaaten-muessen-mitziehen\\\/#breadcrumb\"},\"inLanguage\":\"de\",\"potentialAction\":[{\"@type\":\"ReadAction\",\"target\":[\"https:\\\/\\\/repair.eu\\\/de\\\/news\\\/eu-recht-auf-reparatur-mitgliedstaaten-muessen-mitziehen\\\/\"]}]},{\"@type\":\"ImageObject\",\"inLanguage\":\"de\",\"@id\":\"https:\\\/\\\/repair.eu\\\/de\\\/news\\\/eu-recht-auf-reparatur-mitgliedstaaten-muessen-mitziehen\\\/#primaryimage\",\"url\":\"https:\\\/\\\/repair.eu\\\/wp-content\\\/uploads\\\/2023\\\/10\\\/REPAIR-TO-EVERYONE.png\",\"contentUrl\":\"https:\\\/\\\/repair.eu\\\/wp-content\\\/uploads\\\/2023\\\/10\\\/REPAIR-TO-EVERYONE.png\",\"width\":1470,\"height\":930},{\"@type\":\"BreadcrumbList\",\"@id\":\"https:\\\/\\\/repair.eu\\\/de\\\/news\\\/eu-recht-auf-reparatur-mitgliedstaaten-muessen-mitziehen\\\/#breadcrumb\",\"itemListElement\":[{\"@type\":\"ListItem\",\"position\":1,\"name\":\"Home\",\"item\":\"https:\\\/\\\/repair.eu\\\/de\\\/\"},{\"@type\":\"ListItem\",\"position\":2,\"name\":\"EU-Recht auf Reparatur: Mitgliedstaaten m\u00fcssen mitziehen\"}]},{\"@type\":\"WebSite\",\"@id\":\"https:\\\/\\\/repair.eu\\\/de\\\/#website\",\"url\":\"https:\\\/\\\/repair.eu\\\/de\\\/\",\"name\":\"Right to Repair Europe\",\"description\":\"\",\"publisher\":{\"@id\":\"https:\\\/\\\/repair.eu\\\/de\\\/#organization\"},\"potentialAction\":[{\"@type\":\"SearchAction\",\"target\":{\"@type\":\"EntryPoint\",\"urlTemplate\":\"https:\\\/\\\/repair.eu\\\/de\\\/?s={search_term_string}\"},\"query-input\":{\"@type\":\"PropertyValueSpecification\",\"valueRequired\":true,\"valueName\":\"search_term_string\"}}],\"inLanguage\":\"de\"},{\"@type\":\"Organization\",\"@id\":\"https:\\\/\\\/repair.eu\\\/de\\\/#organization\",\"name\":\"Right to Repair Europe\",\"url\":\"https:\\\/\\\/repair.eu\\\/de\\\/\",\"logo\":{\"@type\":\"ImageObject\",\"inLanguage\":\"de\",\"@id\":\"https:\\\/\\\/repair.eu\\\/de\\\/#\\\/schema\\\/logo\\\/image\\\/\",\"url\":\"https:\\\/\\\/repair.eu\\\/wp-content\\\/uploads\\\/2019\\\/09\\\/Right-to-repair-logo.png\",\"contentUrl\":\"https:\\\/\\\/repair.eu\\\/wp-content\\\/uploads\\\/2019\\\/09\\\/Right-to-repair-logo.png\",\"width\":451,\"height\":62,\"caption\":\"Right to Repair Europe\"},\"image\":{\"@id\":\"https:\\\/\\\/repair.eu\\\/de\\\/#\\\/schema\\\/logo\\\/image\\\/\"},\"sameAs\":[\"https:\\\/\\\/www.facebook.com\\\/righttorepaireurope\\\/\",\"https:\\\/\\\/x.com\\\/R2REurope\",\"https:\\\/\\\/www.instagram.com\\\/R2REurope\\\/\"]},{\"@type\":\"Person\",\"@id\":\"https:\\\/\\\/repair.eu\\\/de\\\/#\\\/schema\\\/person\\\/94965a064d421aecb5561dea081b15f3\",\"name\":\"Cristina Ganapini\",\"image\":{\"@type\":\"ImageObject\",\"inLanguage\":\"de\",\"@id\":\"https:\\\/\\\/secure.gravatar.com\\\/avatar\\\/32a002eb5d660b81bd823a6bebbb4e42b683f9fdbd373f8a07de6fee86ccecdf?s=96&d=mm&r=g\",\"url\":\"https:\\\/\\\/secure.gravatar.com\\\/avatar\\\/32a002eb5d660b81bd823a6bebbb4e42b683f9fdbd373f8a07de6fee86ccecdf?s=96&d=mm&r=g\",\"contentUrl\":\"https:\\\/\\\/secure.gravatar.com\\\/avatar\\\/32a002eb5d660b81bd823a6bebbb4e42b683f9fdbd373f8a07de6fee86ccecdf?s=96&d=mm&r=g\",\"caption\":\"Cristina Ganapini\"},\"url\":\"https:\\\/\\\/repair.eu\\\/de\\\/news\\\/author\\\/cristina\\\/\"}]}<\/script>\n<!-- \/ Yoast SEO plugin. -->","yoast_head_json":{"title":"EU-Recht auf Reparatur: Mitgliedstaaten m\u00fcssen mitziehen - Right to Repair Europe","robots":{"index":"index","follow":"follow","max-snippet":"max-snippet:-1","max-image-preview":"max-image-preview:large","max-video-preview":"max-video-preview:-1"},"canonical":"https:\/\/repair.eu\/de\/news\/eu-recht-auf-reparatur-mitgliedstaaten-muessen-mitziehen\/","og_locale":"de_DE","og_type":"article","og_title":"EU-Recht auf Reparatur: Mitgliedstaaten m\u00fcssen mitziehen - Right to Repair Europe","og_description":"Die EU steht gerade vor der einmaligen Gelegenheit, sich f\u00fcr eine Abkehr von der Wegwerfwirtschaft und f\u00fcr ein wahres Recht auf Reparatur einzusetzen. Es besteht jedoch die Gefahr, dass wir diese Gelegenheit verpassen. Deshalb brauchen wir Ihre Hilfe! Wenn wir die Reparatur wirklich f\u00fcr alle zug\u00e4nglich machen wollen, und zwar f\u00fcr alle Produkte, muss sie &hellip; \u201eEU-Recht auf Reparatur: Mitgliedstaaten m\u00fcssen mitziehen\u201c weiterlesen","og_url":"https:\/\/repair.eu\/de\/news\/eu-recht-auf-reparatur-mitgliedstaaten-muessen-mitziehen\/","og_site_name":"Right to Repair Europe","article_publisher":"https:\/\/www.facebook.com\/righttorepaireurope\/","article_published_time":"2023-11-06T16:19:03+00:00","article_modified_time":"2023-11-06T16:26:46+00:00","og_image":[{"width":1470,"height":930,"url":"https:\/\/repair.eu\/wp-content\/uploads\/2023\/10\/REPAIR-TO-EVERYONE.png","type":"image\/png"}],"author":"Cristina Ganapini","twitter_card":"summary_large_image","twitter_creator":"@R2REurope","twitter_site":"@R2REurope","twitter_misc":{"Verfasst von":"Cristina Ganapini","Gesch\u00e4tzte Lesezeit":"1\u00a0Minute"},"schema":{"@context":"https:\/\/schema.org","@graph":[{"@type":"Article","@id":"https:\/\/repair.eu\/de\/news\/eu-recht-auf-reparatur-mitgliedstaaten-muessen-mitziehen\/#article","isPartOf":{"@id":"https:\/\/repair.eu\/de\/news\/eu-recht-auf-reparatur-mitgliedstaaten-muessen-mitziehen\/"},"author":{"name":"Cristina Ganapini","@id":"https:\/\/repair.eu\/de\/#\/schema\/person\/94965a064d421aecb5561dea081b15f3"},"headline":"EU-Recht auf Reparatur: Mitgliedstaaten m\u00fcssen mitziehen","datePublished":"2023-11-06T16:19:03+00:00","dateModified":"2023-11-06T16:26:46+00:00","mainEntityOfPage":{"@id":"https:\/\/repair.eu\/de\/news\/eu-recht-auf-reparatur-mitgliedstaaten-muessen-mitziehen\/"},"wordCount":196,"publisher":{"@id":"https:\/\/repair.eu\/de\/#organization"},"image":{"@id":"https:\/\/repair.eu\/de\/news\/eu-recht-auf-reparatur-mitgliedstaaten-muessen-mitziehen\/#primaryimage"},"thumbnailUrl":"https:\/\/repair.eu\/wp-content\/uploads\/2023\/10\/REPAIR-TO-EVERYONE.png","articleSection":["Unkategorisiert"],"inLanguage":"de"},{"@type":"WebPage","@id":"https:\/\/repair.eu\/de\/news\/eu-recht-auf-reparatur-mitgliedstaaten-muessen-mitziehen\/","url":"https:\/\/repair.eu\/de\/news\/eu-recht-auf-reparatur-mitgliedstaaten-muessen-mitziehen\/","name":"EU-Recht auf Reparatur: Mitgliedstaaten m\u00fcssen mitziehen - Right to Repair Europe","isPartOf":{"@id":"https:\/\/repair.eu\/de\/#website"},"primaryImageOfPage":{"@id":"https:\/\/repair.eu\/de\/news\/eu-recht-auf-reparatur-mitgliedstaaten-muessen-mitziehen\/#primaryimage"},"image":{"@id":"https:\/\/repair.eu\/de\/news\/eu-recht-auf-reparatur-mitgliedstaaten-muessen-mitziehen\/#primaryimage"},"thumbnailUrl":"https:\/\/repair.eu\/wp-content\/uploads\/2023\/10\/REPAIR-TO-EVERYONE.png","datePublished":"2023-11-06T16:19:03+00:00","dateModified":"2023-11-06T16:26:46+00:00","breadcrumb":{"@id":"https:\/\/repair.eu\/de\/news\/eu-recht-auf-reparatur-mitgliedstaaten-muessen-mitziehen\/#breadcrumb"},"inLanguage":"de","potentialAction":[{"@type":"ReadAction","target":["https:\/\/repair.eu\/de\/news\/eu-recht-auf-reparatur-mitgliedstaaten-muessen-mitziehen\/"]}]},{"@type":"ImageObject","inLanguage":"de","@id":"https:\/\/repair.eu\/de\/news\/eu-recht-auf-reparatur-mitgliedstaaten-muessen-mitziehen\/#primaryimage","url":"https:\/\/repair.eu\/wp-content\/uploads\/2023\/10\/REPAIR-TO-EVERYONE.png","contentUrl":"https:\/\/repair.eu\/wp-content\/uploads\/2023\/10\/REPAIR-TO-EVERYONE.png","width":1470,"height":930},{"@type":"BreadcrumbList","@id":"https:\/\/repair.eu\/de\/news\/eu-recht-auf-reparatur-mitgliedstaaten-muessen-mitziehen\/#breadcrumb","itemListElement":[{"@type":"ListItem","position":1,"name":"Home","item":"https:\/\/repair.eu\/de\/"},{"@type":"ListItem","position":2,"name":"EU-Recht auf Reparatur: Mitgliedstaaten m\u00fcssen mitziehen"}]},{"@type":"WebSite","@id":"https:\/\/repair.eu\/de\/#website","url":"https:\/\/repair.eu\/de\/","name":"Right to Repair Europe","description":"","publisher":{"@id":"https:\/\/repair.eu\/de\/#organization"},"potentialAction":[{"@type":"SearchAction","target":{"@type":"EntryPoint","urlTemplate":"https:\/\/repair.eu\/de\/?s={search_term_string}"},"query-input":{"@type":"PropertyValueSpecification","valueRequired":true,"valueName":"search_term_string"}}],"inLanguage":"de"},{"@type":"Organization","@id":"https:\/\/repair.eu\/de\/#organization","name":"Right to Repair Europe","url":"https:\/\/repair.eu\/de\/","logo":{"@type":"ImageObject","inLanguage":"de","@id":"https:\/\/repair.eu\/de\/#\/schema\/logo\/image\/","url":"https:\/\/repair.eu\/wp-content\/uploads\/2019\/09\/Right-to-repair-logo.png","contentUrl":"https:\/\/repair.eu\/wp-content\/uploads\/2019\/09\/Right-to-repair-logo.png","width":451,"height":62,"caption":"Right to Repair Europe"},"image":{"@id":"https:\/\/repair.eu\/de\/#\/schema\/logo\/image\/"},"sameAs":["https:\/\/www.facebook.com\/righttorepaireurope\/","https:\/\/x.com\/R2REurope","https:\/\/www.instagram.com\/R2REurope\/"]},{"@type":"Person","@id":"https:\/\/repair.eu\/de\/#\/schema\/person\/94965a064d421aecb5561dea081b15f3","name":"Cristina Ganapini","image":{"@type":"ImageObject","inLanguage":"de","@id":"https:\/\/secure.gravatar.com\/avatar\/32a002eb5d660b81bd823a6bebbb4e42b683f9fdbd373f8a07de6fee86ccecdf?s=96&d=mm&r=g","url":"https:\/\/secure.gravatar.com\/avatar\/32a002eb5d660b81bd823a6bebbb4e42b683f9fdbd373f8a07de6fee86ccecdf?s=96&d=mm&r=g","contentUrl":"https:\/\/secure.gravatar.com\/avatar\/32a002eb5d660b81bd823a6bebbb4e42b683f9fdbd373f8a07de6fee86ccecdf?s=96&d=mm&r=g","caption":"Cristina Ganapini"},"url":"https:\/\/repair.eu\/de\/news\/author\/cristina\/"}]}},"_links":{"self":[{"href":"https:\/\/repair.eu\/de\/wp-json\/wp\/v2\/posts\/5948","targetHints":{"allow":["GET"]}}],"collection":[{"href":"https:\/\/repair.eu\/de\/wp-json\/wp\/v2\/posts"}],"about":[{"href":"https:\/\/repair.eu\/de\/wp-json\/wp\/v2\/types\/post"}],"author":[{"embeddable":true,"href":"https:\/\/repair.eu\/de\/wp-json\/wp\/v2\/users\/17"}],"replies":[{"embeddable":true,"href":"https:\/\/repair.eu\/de\/wp-json\/wp\/v2\/comments?post=5948"}],"version-history":[{"count":2,"href":"https:\/\/repair.eu\/de\/wp-json\/wp\/v2\/posts\/5948\/revisions"}],"predecessor-version":[{"id":5951,"href":"https:\/\/repair.eu\/de\/wp-json\/wp\/v2\/posts\/5948\/revisions\/5951"}],"wp:featuredmedia":[{"embeddable":true,"href":"https:\/\/repair.eu\/de\/wp-json\/wp\/v2\/media\/5842"}],"wp:attachment":[{"href":"https:\/\/repair.eu\/de\/wp-json\/wp\/v2\/media?parent=5948"}],"wp:term":[{"taxonomy":"category","embeddable":true,"href":"https:\/\/repair.eu\/de\/wp-json\/wp\/v2\/categories?post=5948"},{"taxonomy":"post_tag","embeddable":true,"href":"https:\/\/repair.eu\/de\/wp-json\/wp\/v2\/tags?post=5948"}],"curies":[{"name":"wp","href":"https:\/\/api.w.org\/{rel}","templated":true}]}}